{"id":229,"date":"2016-05-22T20:14:09","date_gmt":"2016-05-22T20:14:09","guid":{"rendered":"http:\/\/blogs.iesoretania.es\/teclastv\/?p=229"},"modified":"2016-05-22T21:53:15","modified_gmt":"2016-05-22T21:53:15","slug":"un-25-aniversario-muy-especial","status":"publish","type":"post","link":"https:\/\/blogs.iesoretania.es\/teclastv\/2016\/05\/22\/un-25-aniversario-muy-especial\/","title":{"rendered":"Un 25 Aniversario muy especial"},"content":{"rendered":"<div class=\"fcbkbttn_buttons_block\" id=\"fcbkbttn_left\"><div class=\"fcbkbttn_button\">\n                            <a href=\"https:\/\/www.facebook.com\/TECLASTV\" target=\"_blank\">\n                                <img src=\"\" alt=\"Fb-Button\" \/>\n                            <\/a>\n                        <\/div><div class=\"fcbkbttn_like \"><fb:like href=\"https:\/\/blogs.iesoretania.es\/teclastv\/2016\/05\/22\/un-25-aniversario-muy-especial\/\" action=\"like\" colorscheme=\"light\" layout=\"standard\" show-faces='false' width=\"450px\" size=\"small\"><\/fb:like><\/div><div class=\"fb-share-button  \" data-href=\"https:\/\/blogs.iesoretania.es\/teclastv\/2016\/05\/22\/un-25-aniversario-muy-especial\/\" data-type=\"button_count\" data-size=\"small\"><\/div><\/div><div class=\"pntrst_main_before_after\"><div class=\"pntrst-button-wrap\">\r\n\t\t\t\t\t\t\t<a data-pin-do=\"buttonBookmark\" data-pin-custom=\"\" href=\"https:\/\/www.pinterest.com\/pin\/create\/button\/\"><img data-pin-nopin=\"1\" class=\"pntrst-custom-pin\" src=\"https:\/\/blogs.iesoretania.es\/teclastv\/wp-content\/plugins\/social-buttons-pack\/bws-pinterest\/images\/pin.png\" width=\"60\"><\/a>\r\n\t\t\t\t\t\t<\/div><\/div><div class=\"twttr_buttons\"><div class=\"twttr_twitter\">\n\t\t\t\t\t<a href=\"http:\/\/twitter.com\/share?text=Un+25+Aniversario+muy+especial\" class=\"twitter-share-button\" data-via=\"\" data-hashtags=\"\"  data-size=\"default\" data-url=\"https:\/\/blogs.iesoretania.es\/teclastv\/2016\/05\/22\/un-25-aniversario-muy-especial\/\"  data-related=\"\" target=\"_blank\">Tweet<\/a>\n\t\t\t\t<\/div><\/div><p style=\"text-align: justify\">El pasado d\u00eda 13 de Mayo tuvo lugar en el Teatro Cervantes de Linares el acto conmemorativo del 25\u00ba Aniversario del I.E.S. Oretania. Durante el evento, se proyect\u00f3 un video conmemorativo en el que aparec\u00edan unos fragmentos de entrevistas a los dos anteriores directores y la actual directora. Posteriormente, un nutrido n\u00famero de fotograf\u00edas del profesorado, pas y alumnado consiguieron emocionar al p\u00fablico asistente.<\/p>\n<p style=\"text-align: justify\">Bajo estas l\u00edneas os dejamos el material audiovisual que hemos generado, esperamos que os guste:<\/p>\n<p><iframe loading=\"lazy\" width=\"474\" height=\"267\" src=\"https:\/\/www.youtube.com\/embed\/6_9zlzbtyZM?feature=oembed\" frameborder=\"0\" allowfullscreen><\/iframe><\/p>\n<div class=\"pntrst_main_before_after\"><\/div>","protected":false},"excerpt":{"rendered":"<p>El pasado d\u00eda 13 de Mayo tuvo lugar en el Teatro Cervantes de Linares el acto conmemorativo del 25\u00ba Aniversario del I.E.S. Oretania. Durante el evento, se proyect\u00f3 un video conmemorativo en el que aparec\u00edan unos fragmentos de entrevistas a los dos anteriores directores y la actual directora. Posteriormente, un nutrido n\u00famero de fotograf\u00edas del &hellip; <a href=\"https:\/\/blogs.iesoretania.es\/teclastv\/2016\/05\/22\/un-25-aniversario-muy-especial\/\" class=\"more-link\">Seguir leyendo <span class=\"screen-reader-text\">Un 25 Aniversario muy especial<\/span> <span class=\"meta-nav\">&rarr;<\/span><\/a><\/p>\n","protected":false},"author":4,"featured_media":0,"comment_status":"closed","ping_status":"closed","sticky":false,"template":"","format":"standard","meta":[],"categories":[1],"tags":[],"_links":{"self":[{"href":"https:\/\/blogs.iesoretania.es\/teclastv\/wp-json\/wp\/v2\/posts\/229"}],"collection":[{"href":"https:\/\/blogs.iesoretania.es\/teclastv\/wp-json\/wp\/v2\/posts"}],"about":[{"href":"https:\/\/blogs.iesoretania.es\/teclastv\/wp-json\/wp\/v2\/types\/post"}],"author":[{"embeddable":true,"href":"https:\/\/blogs.iesoretania.es\/teclastv\/wp-json\/wp\/v2\/users\/4"}],"replies":[{"embeddable":true,"href":"https:\/\/blogs.iesoretania.es\/teclastv\/wp-json\/wp\/v2\/comments?post=229"}],"version-history":[{"count":1,"href":"https:\/\/blogs.iesoretania.es\/teclastv\/wp-json\/wp\/v2\/posts\/229\/revisions"}],"predecessor-version":[{"id":230,"href":"https:\/\/blogs.iesoretania.es\/teclastv\/wp-json\/wp\/v2\/posts\/229\/revisions\/230"}],"wp:attachment":[{"href":"https:\/\/blogs.iesoretania.es\/teclastv\/wp-json\/wp\/v2\/media?parent=229"}],"wp:term":[{"taxonomy":"category","embeddable":true,"href":"https:\/\/blogs.iesoretania.es\/teclastv\/wp-json\/wp\/v2\/categories?post=229"},{"taxonomy":"post_tag","embeddable":true,"href":"https:\/\/blogs.iesoretania.es\/teclastv\/wp-json\/wp\/v2\/tags?post=229"}],"curies":[{"name":"wp","href":"https:\/\/api.w.org\/{rel}","templated":true}]}}